{"id":4596,"date":"2023-06-08T19:55:54","date_gmt":"2023-06-08T19:55:54","guid":{"rendered":"https:\/\/salimediciones.com.ar\/new\/?p=4596"},"modified":"2023-06-08T20:55:58","modified_gmt":"2023-06-08T20:55:58","slug":"el-viernes-que-llovio-un-circo","status":"publish","type":"post","link":"https:\/\/salimediciones.com.ar\/new\/el-viernes-que-llovio-un-circo\/","title":{"rendered":"EL VIERNES QUE LLOVI\u00d3 UN CIRCO"},"content":{"rendered":"\n<p>Autor: Fabi\u00e1n Sevilla<\/p>\n\n\n\n<p>Isbn: 9789877421392<\/p>\n\n\n\n<p><\/p>\n\n\n\n<p>\u00bfAlguna vez pensaste en qu\u00e9 pasar\u00eda si en lugar de agua lloviera,por ejemplo, un circo?<br>\u00a1Eso s\u00ed que ser\u00eda una sorpresa y una catarata de alegr\u00eda! Porque con el circo llueven tambi\u00e9n cantos, energ\u00eda, risas\u2026 y se desparraman amistades, saltos y muchas ilusiones. Una lluvia como esta trae esperanza, magia y desaf\u00edos\u2026<br>En muy poco tiempo, al ritmo de un reloj curioso, un pueblo se inund\u00f3 de color y lo que pas\u00f3 despu\u00e9s.. (to-tal-men-te i-nes-pe-ra-do! No te lo cuento, porque est\u00e1s a punto de descubrirlo.<\/p>\n","protected":false},"excerpt":{"rendered":"<p>Autor: Fabi\u00e1n Sevilla Isbn: 9789877421392 \u00bfAlguna vez pensaste en qu\u00e9 pasar\u00eda si en lugar de agua lloviera,por ejemplo, un circo?\u00a1Eso s\u00ed que ser\u00eda una sorpresa y una catarata de alegr\u00eda! Porque con el circo llueven tambi\u00e9n cantos, energ\u00eda, risas\u2026 y se desparraman amistades, saltos y muchas ilusiones. Una lluvia como esta trae esperanza, magia y &hellip;<br \/><a href=\"https:\/\/salimediciones.com.ar\/new\/el-viernes-que-llovio-un-circo\/\" class=\"more-link pen_button pen_element_default pen_icon_arrow_double\">Seguir leyendo <span class=\"screen-reader-text\">EL VIERNES QUE LLOVI\u00d3 UN CIRCO<\/span><\/a><\/p>\n","protected":false},"author":1,"featured_media":4597,"comment_status":"closed","ping_status":"closed","sticky":false,"template":"","format":"standard","meta":{"footnotes":""},"categories":[666,1],"tags":[],"autor":[330],"coleccion":[676],"serie":[],"class_list":["post-4596","post","type-post","status-publish","format-standard","has-post-thumbnail","hentry","category-destacado","category-uncategorized","autor-fabian-sevilla","coleccion-faro-de-letras"],"_links":{"self":[{"href":"https:\/\/salimediciones.com.ar\/new\/wp-json\/wp\/v2\/posts\/4596","targetHints":{"allow":["GET"]}}],"collection":[{"href":"https:\/\/salimediciones.com.ar\/new\/wp-json\/wp\/v2\/posts"}],"about":[{"href":"https:\/\/salimediciones.com.ar\/new\/wp-json\/wp\/v2\/types\/post"}],"author":[{"embeddable":true,"href":"https:\/\/salimediciones.com.ar\/new\/wp-json\/wp\/v2\/users\/1"}],"replies":[{"embeddable":true,"href":"https:\/\/salimediciones.com.ar\/new\/wp-json\/wp\/v2\/comments?post=4596"}],"version-history":[{"count":1,"href":"https:\/\/salimediciones.com.ar\/new\/wp-json\/wp\/v2\/posts\/4596\/revisions"}],"predecessor-version":[{"id":4598,"href":"https:\/\/salimediciones.com.ar\/new\/wp-json\/wp\/v2\/posts\/4596\/revisions\/4598"}],"wp:featuredmedia":[{"embeddable":true,"href":"https:\/\/salimediciones.com.ar\/new\/wp-json\/wp\/v2\/media\/4597"}],"wp:attachment":[{"href":"https:\/\/salimediciones.com.ar\/new\/wp-json\/wp\/v2\/media?parent=4596"}],"wp:term":[{"taxonomy":"category","embeddable":true,"href":"https:\/\/salimediciones.com.ar\/new\/wp-json\/wp\/v2\/categories?post=4596"},{"taxonomy":"post_tag","embeddable":true,"href":"https:\/\/salimediciones.com.ar\/new\/wp-json\/wp\/v2\/tags?post=4596"},{"taxonomy":"autor","embeddable":true,"href":"https:\/\/salimediciones.com.ar\/new\/wp-json\/wp\/v2\/autor?post=4596"},{"taxonomy":"coleccion","embeddable":true,"href":"https:\/\/salimediciones.com.ar\/new\/wp-json\/wp\/v2\/coleccion?post=4596"},{"taxonomy":"serie","embeddable":true,"href":"https:\/\/salimediciones.com.ar\/new\/wp-json\/wp\/v2\/serie?post=4596"}],"curies":[{"name":"wp","href":"https:\/\/api.w.org\/{rel}","templated":true}]}}