{"id":3852,"date":"2021-06-10T17:19:50","date_gmt":"2021-06-10T17:19:50","guid":{"rendered":"https:\/\/salimediciones.com.ar\/new\/2021\/06\/10\/infernales-de-guemes-los\/"},"modified":"2023-06-08T20:59:47","modified_gmt":"2023-06-08T20:59:47","slug":"infernales-de-guemes-los","status":"publish","type":"post","link":"https:\/\/salimediciones.com.ar\/new\/infernales-de-guemes-los\/","title":{"rendered":"INFERNALES DE G\u00dcEMES, LOS"},"content":{"rendered":"<p>Autor: Sevilla Fabi\u00e1n y Ariel<\/p>\n<p>ISBN: 9789877420807<\/p>\n<p>P\u00e1ginas: 112+8<\/p>\n<p>Caracter\u00edstica: Aventuras en Junio de 1815<\/p>\n<p>Colecci\u00f3n: Bit\u00e1cora del pasado\u00a0 <\/p>\n<p>En 1815, Mart\u00edn Miguel de G\u00fcemes debe comandar a sus gauchos Infernales en una batalla fundamental contra los realistas que avanzan hacia Salta.<br \/>\n\u00bfPero d\u00f3nde est\u00e1?<br \/>\nDarwin y su sobrino Marcopolo deber\u00e1n llevarlo a tiempo al lugar donde debe conquistar una victoria clave, que definir\u00e1 la vida del caudillo.<\/p>\n<p>&nbsp;<\/p>\n","protected":false},"excerpt":{"rendered":"<p>Autor: Sevilla Fabi\u00e1n y Ariel ISBN: 9789877420807 P\u00e1ginas: 112+8 Caracter\u00edstica: Aventuras en Junio de 1815 Colecci\u00f3n: Bit\u00e1cora del pasado\u00a0 En 1815, Mart\u00edn Miguel de G\u00fcemes debe comandar a sus gauchos Infernales en una batalla fundamental contra los realistas que avanzan hacia Salta. \u00bfPero d\u00f3nde est\u00e1? Darwin y su sobrino Marcopolo deber\u00e1n llevarlo a tiempo al &hellip;<br \/><a href=\"https:\/\/salimediciones.com.ar\/new\/infernales-de-guemes-los\/\" class=\"more-link pen_button pen_element_default pen_icon_arrow_double\">Seguir leyendo <span class=\"screen-reader-text\">INFERNALES DE G\u00dcEMES, LOS<\/span><\/a><\/p>\n","protected":false},"author":1,"featured_media":704,"comment_status":"closed","ping_status":"closed","sticky":false,"template":"","format":"standard","meta":{"footnotes":""},"categories":[666],"tags":[],"autor":[332],"coleccion":[331],"serie":[],"class_list":["post-3852","post","type-post","status-publish","format-standard","has-post-thumbnail","hentry","category-destacado","autor-sevilla-fabian-y-ariel","coleccion-bitacora-del-pasado"],"_links":{"self":[{"href":"https:\/\/salimediciones.com.ar\/new\/wp-json\/wp\/v2\/posts\/3852","targetHints":{"allow":["GET"]}}],"collection":[{"href":"https:\/\/salimediciones.com.ar\/new\/wp-json\/wp\/v2\/posts"}],"about":[{"href":"https:\/\/salimediciones.com.ar\/new\/wp-json\/wp\/v2\/types\/post"}],"author":[{"embeddable":true,"href":"https:\/\/salimediciones.com.ar\/new\/wp-json\/wp\/v2\/users\/1"}],"replies":[{"embeddable":true,"href":"https:\/\/salimediciones.com.ar\/new\/wp-json\/wp\/v2\/comments?post=3852"}],"version-history":[{"count":1,"href":"https:\/\/salimediciones.com.ar\/new\/wp-json\/wp\/v2\/posts\/3852\/revisions"}],"predecessor-version":[{"id":4623,"href":"https:\/\/salimediciones.com.ar\/new\/wp-json\/wp\/v2\/posts\/3852\/revisions\/4623"}],"wp:featuredmedia":[{"embeddable":true,"href":"https:\/\/salimediciones.com.ar\/new\/wp-json\/wp\/v2\/media\/704"}],"wp:attachment":[{"href":"https:\/\/salimediciones.com.ar\/new\/wp-json\/wp\/v2\/media?parent=3852"}],"wp:term":[{"taxonomy":"category","embeddable":true,"href":"https:\/\/salimediciones.com.ar\/new\/wp-json\/wp\/v2\/categories?post=3852"},{"taxonomy":"post_tag","embeddable":true,"href":"https:\/\/salimediciones.com.ar\/new\/wp-json\/wp\/v2\/tags?post=3852"},{"taxonomy":"autor","embeddable":true,"href":"https:\/\/salimediciones.com.ar\/new\/wp-json\/wp\/v2\/autor?post=3852"},{"taxonomy":"coleccion","embeddable":true,"href":"https:\/\/salimediciones.com.ar\/new\/wp-json\/wp\/v2\/coleccion?post=3852"},{"taxonomy":"serie","embeddable":true,"href":"https:\/\/salimediciones.com.ar\/new\/wp-json\/wp\/v2\/serie?post=3852"}],"curies":[{"name":"wp","href":"https:\/\/api.w.org\/{rel}","templated":true}]}}