{"id":3681,"date":"2021-06-10T17:19:42","date_gmt":"2021-06-10T17:19:42","guid":{"rendered":"https:\/\/salimediciones.com.ar\/new\/2021\/06\/10\/crimenes-de-la-calle-morgue-los-gato-negro-el-corazon-delator-el\/"},"modified":"2021-06-10T18:08:16","modified_gmt":"2021-06-10T18:08:16","slug":"crimenes-de-la-calle-morgue-los-gato-negro-el-corazon-delator-el","status":"publish","type":"post","link":"https:\/\/salimediciones.com.ar\/new\/crimenes-de-la-calle-morgue-los-gato-negro-el-corazon-delator-el\/","title":{"rendered":"CR\u00cdMENES DE LA CALLE MORGUE, LOS \/ GATO NEGRO, EL  \/ CORAZ\u00d3N DELATOR, EL"},"content":{"rendered":"<p>Autor: Poe Edgar Allan<\/p>\n<p>ISBN: \u00a09789877420821<\/p>\n<p>P\u00e1ginas: 96<\/p>\n<p>Caracter\u00edstica: Obra Completa<\/p>\n<p>Colecci\u00f3n: Grandes Lecturas\u00a0 <\/p>\n<p>En 1841 se publica \u00ablos cr\u00edmenes de la calle Morgue\u00bb, considerada la obra fundamental del g\u00e9nero policial. All\u00ed, a trav\u00e9s del m\u00e9todo anal\u00edtico, el personaje a trav\u00e9s de las percepciones que tiene de la realidad y de una manera sofisticada consegur\u00e1 resolver el misterio y sorprender al lector. Por otro lado en 1843 se publican dos obras llenas de horror, \u00abEl gato negro\u00bb y \u00abEl coraz\u00f3n delator\u00bb, en donde Poe incorpora elementos g\u00f3ticos, locura y terror psicol\u00f3gico. Las tres obras son la puerta al mundo de Poe y han cautivado a miles de lectores desde su publicaci\u00f3n.<\/p>\n<p>&nbsp;<\/p>\n","protected":false},"excerpt":{"rendered":"<p>Autor: Poe Edgar Allan ISBN: \u00a09789877420821 P\u00e1ginas: 96 Caracter\u00edstica: Obra Completa Colecci\u00f3n: Grandes Lecturas\u00a0 En 1841 se publica \u00ablos cr\u00edmenes de la calle Morgue\u00bb, considerada la obra fundamental del g\u00e9nero policial. All\u00ed, a trav\u00e9s del m\u00e9todo anal\u00edtico, el personaje a trav\u00e9s de las percepciones que tiene de la realidad y de una manera sofisticada consegur\u00e1 &hellip;<br \/><a href=\"https:\/\/salimediciones.com.ar\/new\/crimenes-de-la-calle-morgue-los-gato-negro-el-corazon-delator-el\/\" class=\"more-link pen_button pen_element_default pen_icon_arrow_double\">Seguir leyendo <span class=\"screen-reader-text\">CR\u00cdMENES DE LA CALLE MORGUE, LOS \/ GATO NEGRO, EL  \/ CORAZ\u00d3N DELATOR, EL<\/span><\/a><\/p>\n","protected":false},"author":1,"featured_media":111,"comment_status":"closed","ping_status":"closed","sticky":false,"template":"","format":"standard","meta":{"footnotes":""},"categories":[1],"tags":[],"autor":[207],"coleccion":[182],"serie":[],"class_list":["post-3681","post","type-post","status-publish","format-standard","has-post-thumbnail","hentry","category-uncategorized","autor-poe-edgar-allan","coleccion-grandes-lecturas"],"_links":{"self":[{"href":"https:\/\/salimediciones.com.ar\/new\/wp-json\/wp\/v2\/posts\/3681","targetHints":{"allow":["GET"]}}],"collection":[{"href":"https:\/\/salimediciones.com.ar\/new\/wp-json\/wp\/v2\/posts"}],"about":[{"href":"https:\/\/salimediciones.com.ar\/new\/wp-json\/wp\/v2\/types\/post"}],"author":[{"embeddable":true,"href":"https:\/\/salimediciones.com.ar\/new\/wp-json\/wp\/v2\/users\/1"}],"replies":[{"embeddable":true,"href":"https:\/\/salimediciones.com.ar\/new\/wp-json\/wp\/v2\/comments?post=3681"}],"version-history":[{"count":1,"href":"https:\/\/salimediciones.com.ar\/new\/wp-json\/wp\/v2\/posts\/3681\/revisions"}],"predecessor-version":[{"id":4191,"href":"https:\/\/salimediciones.com.ar\/new\/wp-json\/wp\/v2\/posts\/3681\/revisions\/4191"}],"wp:featuredmedia":[{"embeddable":true,"href":"https:\/\/salimediciones.com.ar\/new\/wp-json\/wp\/v2\/media\/111"}],"wp:attachment":[{"href":"https:\/\/salimediciones.com.ar\/new\/wp-json\/wp\/v2\/media?parent=3681"}],"wp:term":[{"taxonomy":"category","embeddable":true,"href":"https:\/\/salimediciones.com.ar\/new\/wp-json\/wp\/v2\/categories?post=3681"},{"taxonomy":"post_tag","embeddable":true,"href":"https:\/\/salimediciones.com.ar\/new\/wp-json\/wp\/v2\/tags?post=3681"},{"taxonomy":"autor","embeddable":true,"href":"https:\/\/salimediciones.com.ar\/new\/wp-json\/wp\/v2\/autor?post=3681"},{"taxonomy":"coleccion","embeddable":true,"href":"https:\/\/salimediciones.com.ar\/new\/wp-json\/wp\/v2\/coleccion?post=3681"},{"taxonomy":"serie","embeddable":true,"href":"https:\/\/salimediciones.com.ar\/new\/wp-json\/wp\/v2\/serie?post=3681"}],"curies":[{"name":"wp","href":"https:\/\/api.w.org\/{rel}","templated":true}]}}